{"id":3072,"date":"2025-11-03T13:43:07","date_gmt":"2025-11-03T16:43:07","guid":{"rendered":"https:\/\/informacionoficial.mendoza.gob.ar\/educacion-cultura-infancias-dge\/?p=3072"},"modified":"2025-12-16T11:18:10","modified_gmt":"2025-12-16T14:18:10","slug":"las-vendimias-departamentales-y-los-festivales-ya-tienen-fechas-previstas","status":"publish","type":"post","link":"https:\/\/informacionoficial.mendoza.gob.ar\/educacion-cultura-infancias-dge\/sin-categoria\/las-vendimias-departamentales-y-los-festivales-ya-tienen-fechas-previstas\/","title":{"rendered":"Las Vendimias departamentales y los festivales ya tienen fechas previstas"},"content":{"rendered":"\n<p>Se viene la temporada de festejos en los departamentos de Mendoza y ya est\u00e1n casi confirmadas las fechas y lugares.<\/p>\n\n\n\n<p>En el marco de los 90 a\u00f1os de la Fiesta Nacional de la Vendimia, ya se confirmaron las fechas para las celebraciones departamentales y los principales festivales de la provincia. Es necesario destacar que las fechas previstas y los lugares elegidos est\u00e1n sujetos a modificaci\u00f3n.<\/p>\n\n\n\n<p><strong>Vendimias departamentales 2026<\/strong><\/p>\n\n\n\n<p>Viernes 14 de noviembre: San Carlos (teatro Ney\u00fa Map\u00fa).<\/p>\n\n\n\n<p>Viernes 19 de diciembre: Guaymall\u00e9n (Predio de la Virgen).<\/p>\n\n\n\n<p>S\u00e1bado 20 de diciembre: Luj\u00e1n de Cuyo (Parque Ferri).<\/p>\n\n\n\n<p>Domingo 21 de diciembre: San Mart\u00edn (calle Alem y Paseo de la Patria, Ciudad de San Mart\u00edn).<\/p>\n\n\n\n<p>Mi\u00e9rcoles 7 de enero: Malarg\u00fce (predio Ra\u00edces Malarg\u00fcinas).<\/p>\n\n\n\n<p>S\u00e1bado 17 de enero: Lavalle (predio Verde del Polideportivo Municipal).<\/p>\n\n\n\n<p>S\u00e1bado 17 de enero: Jun\u00edn (Parque Due\u00f1o del Sol).<\/p>\n\n\n\n<p>S\u00e1bado 24 de enero: San Rafael (anfiteatro Chacho Santa Cruz).<\/p>\n\n\n\n<p>Jueves 29 de enero: Rivadavia (Polideportivo Municipal).<\/p>\n\n\n\n<p>Viernes 30 de enero: Las Heras (lugar a confirmar).<\/p>\n\n\n\n<p>Viernes 30 de enero: Tunuy\u00e1n (anfiteatro Municipal)<\/p>\n\n\n\n<p>S\u00e1bado 31 de enero: General Alvear (Plaza Departamental Carlos Mar\u00eda Alvear)<\/p>\n\n\n\n<p>S\u00e1bado 31 de enero: Maip\u00fa (lugar a confirmar).<\/p>\n\n\n\n<p>Jueves 5 de febrero: La Paz (estadio Juan D. Per\u00f3n).<\/p>\n\n\n\n<p>Viernes 6 de febrero: Ciudad de Mendoza (Parque C\u00edvico).<\/p>\n\n\n\n<p>S\u00e1bado 7 de febrero: Tupungato (anfiteatro Municipal).<\/p>\n\n\n\n<p>Viernes 13 de febrero: Santa Rosa (Parque Cultural y Recreativo Ventura Segura, La Dormida).<\/p>\n\n\n\n<p>S\u00e1bado 14 de febrero: Godoy Cruz (Parque San Vicente).<\/p>\n\n\n\n<figure class=\"wp-block-image size-large is-resized\"><img loading=\"lazy\" decoding=\"async\" width=\"1024\" height=\"651\" src=\"https:\/\/mza-dicaws-portal-uploads-media-prod.s3.amazonaws.com\/informacion-oficial\/uploads\/sites\/14\/2025\/11\/DSC_9414-1024x651.jpg\" alt=\"\" class=\"wp-image-3074\" style=\"object-fit:cover;width:1280px;height:720px\" srcset=\"https:\/\/mza-dicaws-portal-uploads-media-prod.s3.amazonaws.com\/informacion-oficial\/uploads\/sites\/14\/2025\/11\/DSC_9414-980x623.jpg 980w, https:\/\/mza-dicaws-portal-uploads-media-prod.s3.amazonaws.com\/informacion-oficial\/uploads\/sites\/14\/2025\/11\/DSC_9414-480x305.jpg 480w\" sizes=\"(min-width: 0px) and (max-width: 480px) 480px, (min-width: 481px) and (max-width: 980px) 980px, (min-width: 981px) 1024px, 100vw\" \/><\/figure>\n\n\n\n<p><strong>Festivales<\/strong><\/p>\n\n\n\n<p>Tambi\u00e9n se dieron a conocer las fechas estimadas de los emblem\u00e1ticos festivales departamentales, sujetos a modificaci\u00f3n:<\/p>\n\n\n\n<p>S\u00e1bado 7 y domingo 8 de febrero: Festival del Camote, Guaymall\u00e9n.<\/p>\n\n\n\n<p>Del s\u00e1bado 7 al martes 11 de enero: Festival del Chivo, Malarg\u00fce.<\/p>\n\n\n\n<p>Lavalle tendr\u00e1 tres festivales:<\/p>\n\n\n\n<p>S\u00e1bado 15 y domingo 16 de noviembre: Festival de Jocol\u00ed \u201cPortal de Mendoza\u201d.<\/p>\n\n\n\n<p>S\u00e1bado 10 y domingo 11 de enero: Festival del Mel\u00f3n y la Sand\u00eda.<\/p>\n\n\n\n<p>Del s\u00e1bado 28 de febrero y domingo 1 de marzo: Festival del Cosechador.<\/p>\n\n\n\n<p>Jun\u00edn: Encuentro de las Naciones, del jueves 15 al domingo 18 de enero.<\/p>\n\n\n\n<p>Rivadavia: Festival \u201cRivadavia le canta al pa\u00eds\u201d, del viernes 30 de enero al domingo 1 de febrero.<\/p>\n\n\n\n<p>General Alvear:<\/p>\n\n\n\n<p>Domingo 8 de febrero: Festival del \u00c1lamo.<\/p>\n\n\n\n<p>Lunes 16 de febrero: Gran Carnaval.<\/p>\n\n\n\n<p>Viernes 27 y s\u00e1bado 28 de febrero: Festival de la Ciruela.<\/p>\n\n\n\n<p>Tunuy\u00e1n: Festival Nacional de la Tonada, s\u00e1bado 31 de enero y domingo 1 de febrero.<\/p>\n\n\n\n<p>La Paz: Festival de La Paz y el Canto de Cuyo, del viernes 6 al domingo 8 de febrero.<\/p>\n\n\n\n<p>Santa Rosa: Festival de la Cueca y el Damasco, s\u00e1bado 14 y domingo 15 de febrero.<\/p>\n\n\n\n<figure class=\"wp-block-image size-large is-resized\"><img loading=\"lazy\" decoding=\"async\" width=\"1024\" height=\"716\" src=\"https:\/\/mza-dicaws-portal-uploads-media-prod.s3.amazonaws.com\/informacion-oficial\/uploads\/sites\/14\/2025\/11\/IMG_3624--1024x716.jpg\" alt=\"\" class=\"wp-image-3075\" style=\"object-fit:cover;width:1280px;height:720px\" srcset=\"https:\/\/mza-dicaws-portal-uploads-media-prod.s3.amazonaws.com\/informacion-oficial\/uploads\/sites\/14\/2025\/11\/IMG_3624--980x685.jpg 980w, https:\/\/mza-dicaws-portal-uploads-media-prod.s3.amazonaws.com\/informacion-oficial\/uploads\/sites\/14\/2025\/11\/IMG_3624--480x336.jpg 480w\" sizes=\"(min-width: 0px) and (max-width: 480px) 480px, (min-width: 481px) and (max-width: 980px) 980px, (min-width: 981px) 1024px, 100vw\" \/><\/figure>\n\n\n\n<p>&nbsp;<strong>Coloquio de propuestas para la Vendimia 2026<\/strong><\/p>\n\n\n\n<p>Este domingo, en el Espacio Cultural Julio Le Parc en la Sala Vilma R\u00fapolo, se realizar\u00e1 el Coloquio para definir qu\u00e9 equipo ser\u00e1 el responsable de llevar adelante el Acto Central y la Repetici\u00f3n de la Fiesta Nacional de la Vendimia 2026. La invitaci\u00f3n es abierta al p\u00fablico.<\/p>\n\n\n\n<p>Las cuatro propuestas que se presentar\u00e1n son:<\/p>\n\n\n\n<p>1. \u201c90 cosechas de una misma cepa\u201d, con direcci\u00f3n general de Pablo Perri.<\/p>\n\n\n\n<p>2. \u201cVendimias al pie de los Andes\u201d, con direcci\u00f3n general de Rafael Ricardo Ruiz y Gaspar Emanuel Tello.<\/p>\n\n\n\n<p>3. \u201cCanto a Mendoza y la memoria del vino\u201d, con direcci\u00f3n general de Gonzalo Palacios.<\/p>\n\n\n\n<p>4. \u201cVendimia de vino y cristal\u201d, con direcci\u00f3n general de Vilma R\u00fapolo y Federico Ortega.<\/p>\n\n\n\n<p>Ese d\u00eda los mendocinos conoceremos cu\u00e1l de estas propuestas tendr\u00e1 el honor de representar la fiesta mayor de Mendoza en su 90\u00b0 aniversario.<\/p>\n","protected":false},"excerpt":{"rendered":"<p>Se viene la temporada de festejos en los departamentos de Mendoza y ya est\u00e1n casi confirmadas las fechas y lugares. En el marco de los 90 a\u00f1os de la Fiesta Nacional de la Vendimia, ya se confirmaron las fechas para las celebraciones departamentales y los principales festivales de la provincia. Es necesario destacar que las [&hellip;]<\/p>\n","protected":false},"author":58,"featured_media":3073,"comment_status":"closed","ping_status":"closed","sticky":false,"template":"","format":"standard","meta":{"_et_pb_use_builder":"","_et_pb_old_content":"","_et_gb_content_width":"","footnotes":""},"categories":[1],"tags":[],"class_list":["post-3072","post","type-post","status-publish","format-standard","has-post-thumbnail","hentry","category-sin-categoria"],"_links":{"self":[{"href":"https:\/\/informacionoficial.mendoza.gob.ar\/educacion-cultura-infancias-dge\/wp-json\/wp\/v2\/posts\/3072","targetHints":{"allow":["GET"]}}],"collection":[{"href":"https:\/\/informacionoficial.mendoza.gob.ar\/educacion-cultura-infancias-dge\/wp-json\/wp\/v2\/posts"}],"about":[{"href":"https:\/\/informacionoficial.mendoza.gob.ar\/educacion-cultura-infancias-dge\/wp-json\/wp\/v2\/types\/post"}],"author":[{"embeddable":true,"href":"https:\/\/informacionoficial.mendoza.gob.ar\/educacion-cultura-infancias-dge\/wp-json\/wp\/v2\/users\/58"}],"replies":[{"embeddable":true,"href":"https:\/\/informacionoficial.mendoza.gob.ar\/educacion-cultura-infancias-dge\/wp-json\/wp\/v2\/comments?post=3072"}],"version-history":[{"count":2,"href":"https:\/\/informacionoficial.mendoza.gob.ar\/educacion-cultura-infancias-dge\/wp-json\/wp\/v2\/posts\/3072\/revisions"}],"predecessor-version":[{"id":3083,"href":"https:\/\/informacionoficial.mendoza.gob.ar\/educacion-cultura-infancias-dge\/wp-json\/wp\/v2\/posts\/3072\/revisions\/3083"}],"wp:featuredmedia":[{"embeddable":true,"href":"https:\/\/informacionoficial.mendoza.gob.ar\/educacion-cultura-infancias-dge\/wp-json\/wp\/v2\/media\/3073"}],"wp:attachment":[{"href":"https:\/\/informacionoficial.mendoza.gob.ar\/educacion-cultura-infancias-dge\/wp-json\/wp\/v2\/media?parent=3072"}],"wp:term":[{"taxonomy":"category","embeddable":true,"href":"https:\/\/informacionoficial.mendoza.gob.ar\/educacion-cultura-infancias-dge\/wp-json\/wp\/v2\/categories?post=3072"},{"taxonomy":"post_tag","embeddable":true,"href":"https:\/\/informacionoficial.mendoza.gob.ar\/educacion-cultura-infancias-dge\/wp-json\/wp\/v2\/tags?post=3072"}],"curies":[{"name":"wp","href":"https:\/\/api.w.org\/{rel}","templated":true}]}}