{"id":4077,"date":"2026-04-28T12:00:00","date_gmt":"2026-04-28T15:00:00","guid":{"rendered":"https:\/\/informacionoficial.mendoza.gob.ar\/educacion-cultura-infancias-dge\/?p=4077"},"modified":"2026-04-29T09:31:56","modified_gmt":"2026-04-29T12:31:56","slug":"se-lanza-la-agenda-2026-de-arte-y-cultura-en-las-carceles-de-mendoza","status":"publish","type":"post","link":"https:\/\/informacionoficial.mendoza.gob.ar\/educacion-cultura-infancias-dge\/noticias-destacadas\/se-lanza-la-agenda-2026-de-arte-y-cultura-en-las-carceles-de-mendoza\/","title":{"rendered":"Se lanza la agenda 2026 de arte y cultura en las c\u00e1rceles de Mendoza\u00a0"},"content":{"rendered":"\n<p><strong>Como cada a\u00f1o, la Subsecretar\u00eda de Cultura y el Servicio Penitenciario de Mendoza acuerdan un nutrido programa de actividades art\u00edsticas en penales de la provincia. Este a\u00f1o, habr\u00e1 m\u00fasica de varios g\u00e9neros, obras teatrales, stand up, narraciones orales y danza en c\u00e1rceles de Luj\u00e1n de Cuyo, Ciudad, Godoy Cruz, San Rafael, Las Heras y Lavalle.<\/strong><\/p>\n\n\n\n<p>Cada a\u00f1o, el Servicio Penitenciario y la Subsecretar\u00eda de Cultura urden una ambiciosa agenda de actividades art\u00edsticas y culturales que se desarrollar\u00e1n en muchos penales de toda la provincia de Mendoza. Este a\u00f1o, el lanzamiento ser\u00e1 el mi\u00e9rcoles 6 de mayo a las 12, en el Complejo San Felipe, de la Ciudad de Mendoza.<\/p>\n\n\n\n<p>En la ocasi\u00f3n, habr\u00e1 una gala l\u00edrica, con \u00e1reas de famosas \u00f3peras y canciones de pel\u00edculas c\u00e9lebres, a cargo de la soprano Griselda L\u00f3pez Zalba y el tenor Mariano Leotta.<\/p>\n\n\n\n<p>El programa se denomina \u201cArte y Cultura en las c\u00e1rceles de Mendoza 2026\u201d y supone presentaciones de artistas mendocinos en c\u00e1rceles de los departamentos de Luj\u00e1n de Cuyo, Ciudad, Godoy Cruz, San Rafael, Las Heras y Lavalle.<\/p>\n\n\n\n<p><strong>Cada a\u00f1o, arte y cultura en las c\u00e1rceles<\/strong><\/p>\n\n\n\n<p>As\u00ed es, pues, desde hace varios a\u00f1os, la Subsecretar\u00eda de Cultura y la Direcci\u00f3n General del Servicio Penitenciario acuerdan una agenda anual. \u201cDe este modo, el arte y la cultura encuentran escenarios propicios en los contextos de encierro, singularmente, permeables a las manifestaciones de los artistas y hacedores de la identidad cultural mendocina. Los eventos se organizan a partir de un programa elaborado en acuerdo entre las dos instituciones, que genera acciones de las que son parte cientos de personas privadas de libertad\u201d, apunta al respecto Pablo Moreno, jefe de Divisi\u00f3n Educaci\u00f3n, Cultura y Deporte del Servicio Penitenciario.<\/p>\n\n\n\n<p>Las propuestas son variadas e incluyen, por ejemplo, conciertos musicales de folclore, rock, l\u00edrica, tango y m\u00fasica latinoamericana; asimismo, hay obras teatrales de elencos, shows de stand up, unipersonales, recitales de poes\u00eda, narraciones orales y espect\u00e1culos de danza.<\/p>\n\n\n\n<p>\u201cEsta agenda se concreta gracias al apoyo de la Subsecretar\u00eda de Cultura, que trabaja al respecto junto al Servicio Penitenciario. Las acciones en conjunto, a su vez, son coordinadas a trav\u00e9s de una red de referentes culturales penitenciarios, que posibilitan muchas otras acciones culturales durante el a\u00f1o. El saldo positivo en las personas privadas del libertad es notable\u201d, sigue Moreno, quien aclara que estas acciones \u201cllevan a las c\u00e1rceles ejemplos importantes de convivencia, construcci\u00f3n de contenidos y creatividad\u201d.<\/p>\n\n\n\n<p><strong>Actividades sin pausa hasta fin de a\u00f1o<\/strong><\/p>\n\n\n\n<p>La agenda en concreto ya comenz\u00f3 la semana pasada en el sector de Mujeres del complejo Almafuerte II de Luj\u00e1n de Cuyo, donde brillaron con sus actuaciones L\u00f3pez Zalba y Leotta con su repertorio de m\u00fasica cl\u00e1sica.<\/p>\n\n\n\n<p>El resto de las actividades continuar\u00e1 semanalmente, sin pausa, hasta fines de diciembre, gracias al trabajo coordinado de los organismos provinciales.<\/p>\n\n\n\n<p>Al mismo tiempo, desde hace varios a\u00f1os, en los penales mendocinos, hay otras actividades culturales semejantes, desarrolladas por las personas privadas de sus libertades, junto a personal penitenciario capacitado, bajo el programa \u201cCultura C\u00e1rceles\u201d. Los penales cuentan con grupos de m\u00fasica y teatro, talleres art\u00edsticos, realizaci\u00f3n de grandes festivales, edici\u00f3n de revistas, contenidos para radio, publicaciones de libros, talleres expresivos y exposiciones de pl\u00e1stica y artesan\u00edas y capacitaciones diversas.<\/p>\n\n\n\n<figure class=\"wp-block-gallery has-nested-images columns-default is-cropped wp-block-gallery-1 is-layout-flex wp-block-gallery-is-layout-flex\">\n<figure class=\"wp-block-image size-large\"><img loading=\"lazy\" decoding=\"async\" width=\"1024\" height=\"576\" data-id=\"4079\" src=\"https:\/\/mza-dicaws-portal-uploads-media-prod.s3.amazonaws.com\/informacion-oficial\/uploads\/sites\/14\/2026\/04\/WhatsApp-Image-2026-04-27-at-12.41.48-1024x576.jpeg\" alt=\"\" class=\"wp-image-4079\" srcset=\"https:\/\/mza-dicaws-portal-uploads-media-prod.s3.amazonaws.com\/informacion-oficial\/uploads\/sites\/14\/2026\/04\/WhatsApp-Image-2026-04-27-at-12.41.48-980x551.jpeg 980w, https:\/\/mza-dicaws-portal-uploads-media-prod.s3.amazonaws.com\/informacion-oficial\/uploads\/sites\/14\/2026\/04\/WhatsApp-Image-2026-04-27-at-12.41.48-480x270.jpeg 480w\" sizes=\"(min-width: 0px) and (max-width: 480px) 480px, (min-width: 481px) and (max-width: 980px) 980px, (min-width: 981px) 1024px, 100vw\" \/><\/figure>\n\n\n\n<figure class=\"wp-block-image size-large\"><img loading=\"lazy\" decoding=\"async\" width=\"1024\" height=\"576\" data-id=\"4078\" src=\"https:\/\/mza-dicaws-portal-uploads-media-prod.s3.amazonaws.com\/informacion-oficial\/uploads\/sites\/14\/2026\/04\/WhatsApp-Image-2026-04-27-at-12.41.47-1024x576.jpeg\" alt=\"\" class=\"wp-image-4078\" srcset=\"https:\/\/mza-dicaws-portal-uploads-media-prod.s3.amazonaws.com\/informacion-oficial\/uploads\/sites\/14\/2026\/04\/WhatsApp-Image-2026-04-27-at-12.41.47-980x551.jpeg 980w, https:\/\/mza-dicaws-portal-uploads-media-prod.s3.amazonaws.com\/informacion-oficial\/uploads\/sites\/14\/2026\/04\/WhatsApp-Image-2026-04-27-at-12.41.47-480x270.jpeg 480w\" sizes=\"(min-width: 0px) and (max-width: 480px) 480px, (min-width: 481px) and (max-width: 980px) 980px, (min-width: 981px) 1024px, 100vw\" \/><\/figure>\n<\/figure>\n","protected":false},"excerpt":{"rendered":"<p>Como cada a\u00f1o, la Subsecretar\u00eda de Cultura y el Servicio Penitenciario de Mendoza acuerdan un nutrido programa de actividades art\u00edsticas en penales de la provincia. Este a\u00f1o, habr\u00e1 m\u00fasica de varios g\u00e9neros, obras teatrales, stand up, narraciones orales y danza en c\u00e1rceles de Luj\u00e1n de Cuyo, Ciudad, Godoy Cruz, San Rafael, Las Heras y Lavalle. [&hellip;]<\/p>\n","protected":false},"author":58,"featured_media":4078,"comment_status":"closed","ping_status":"closed","sticky":false,"template":"","format":"standard","meta":{"_et_pb_use_builder":"off","_et_pb_old_content":"","_et_gb_content_width":"","footnotes":""},"categories":[14],"tags":[],"class_list":["post-4077","post","type-post","status-publish","format-standard","has-post-thumbnail","hentry","category-noticias-destacadas"],"_links":{"self":[{"href":"https:\/\/informacionoficial.mendoza.gob.ar\/educacion-cultura-infancias-dge\/wp-json\/wp\/v2\/posts\/4077","targetHints":{"allow":["GET"]}}],"collection":[{"href":"https:\/\/informacionoficial.mendoza.gob.ar\/educacion-cultura-infancias-dge\/wp-json\/wp\/v2\/posts"}],"about":[{"href":"https:\/\/informacionoficial.mendoza.gob.ar\/educacion-cultura-infancias-dge\/wp-json\/wp\/v2\/types\/post"}],"author":[{"embeddable":true,"href":"https:\/\/informacionoficial.mendoza.gob.ar\/educacion-cultura-infancias-dge\/wp-json\/wp\/v2\/users\/58"}],"replies":[{"embeddable":true,"href":"https:\/\/informacionoficial.mendoza.gob.ar\/educacion-cultura-infancias-dge\/wp-json\/wp\/v2\/comments?post=4077"}],"version-history":[{"count":2,"href":"https:\/\/informacionoficial.mendoza.gob.ar\/educacion-cultura-infancias-dge\/wp-json\/wp\/v2\/posts\/4077\/revisions"}],"predecessor-version":[{"id":4085,"href":"https:\/\/informacionoficial.mendoza.gob.ar\/educacion-cultura-infancias-dge\/wp-json\/wp\/v2\/posts\/4077\/revisions\/4085"}],"wp:featuredmedia":[{"embeddable":true,"href":"https:\/\/informacionoficial.mendoza.gob.ar\/educacion-cultura-infancias-dge\/wp-json\/wp\/v2\/media\/4078"}],"wp:attachment":[{"href":"https:\/\/informacionoficial.mendoza.gob.ar\/educacion-cultura-infancias-dge\/wp-json\/wp\/v2\/media?parent=4077"}],"wp:term":[{"taxonomy":"category","embeddable":true,"href":"https:\/\/informacionoficial.mendoza.gob.ar\/educacion-cultura-infancias-dge\/wp-json\/wp\/v2\/categories?post=4077"},{"taxonomy":"post_tag","embeddable":true,"href":"https:\/\/informacionoficial.mendoza.gob.ar\/educacion-cultura-infancias-dge\/wp-json\/wp\/v2\/tags?post=4077"}],"curies":[{"name":"wp","href":"https:\/\/api.w.org\/{rel}","templated":true}]}}