{"id":6760,"date":"2018-11-27T12:32:39","date_gmt":"2018-11-27T15:32:39","guid":{"rendered":"http:\/\/hacienda.wp1.mendoza.gov.ar\/?p=6760"},"modified":"2018-11-27T12:32:39","modified_gmt":"2018-11-27T15:32:39","slug":"subsecretaria-de-hacienda-tercer-trimestre-2018","status":"publish","type":"post","link":"https:\/\/informacionoficial.mendoza.gob.ar\/haciendayfinanzas\/responsabilidad_fiscal\/subsecretaria-de-hacienda-tercer-trimestre-2018\/","title":{"rendered":"2018 &#8211; 3\u00b0 Trimestre -Subsecretar\u00eda de Hacienda"},"content":{"rendered":"<div class=\"widget table-list striped \">\n<table border=\"0\" width=\"537\" cellspacing=\"2\" cellpadding=\"2\" align=\"center\">\n<tbody>\n<tr>\n<th>ACUERDO 3949 &#8211; TRIBUNAL DE CUENTAS &#8211;<\/th>\n<th>Informes<\/th>\n<\/tr>\n<tr>\n<td align=\"center\" width=\"80%\">\n<div align=\"left\"><strong>Anexo 2<\/strong><\/div>\n<div align=\"left\">Ejecuci\u00f3n del Presupuesto con relaci\u00f3n a los cr\u00e9ditos acumulada al fin del trimestre<\/div>\n<\/td>\n<td align=\"center\" width=\"5%\">\n<p align=\"center\"><a href=\"https:\/\/mza-dicaws-portal-uploads-media-prod.s3.us-east-1.amazonaws.com\/informacion-oficial\/uploads\/sites\/11\/2018\/11\/LRFA2_3_18.zip\">ver<\/a><\/p>\n<\/td>\n<\/tr>\n<tr>\n<td align=\"center\" width=\"80%\">\n<div align=\"left\"><strong>Anexo 2 bis<\/strong><\/div>\n<div align=\"left\">Presupuesto con relaci\u00f3n a los cr\u00e9ditos correspondientes al trimestre<\/div>\n<\/td>\n<td align=\"center\" width=\"5%\">\n<p align=\"center\"><a href=\"https:\/\/mza-dicaws-portal-uploads-media-prod.s3.us-east-1.amazonaws.com\/informacion-oficial\/uploads\/sites\/11\/2018\/11\/LRFA2b_3_18.zip\">ver<\/a><\/p>\n<\/td>\n<\/tr>\n<tr>\n<td align=\"center\" width=\"80%\">\n<div align=\"left\"><strong>Anexo 3<\/strong><\/div>\n<div align=\"left\">De la ejecuci\u00f3n del presupuesto con relaci\u00f3n al c\u00e1lculo de recursos y financiamiento acumulado al fin del trimestre e ingresado en el trimestre<\/div>\n<\/td>\n<td align=\"center\" width=\"5%\">\n<p align=\"center\"><a href=\"https:\/\/mza-dicaws-portal-uploads-media-prod.s3.us-east-1.amazonaws.com\/informacion-oficial\/uploads\/sites\/11\/2018\/11\/LRFA3_3_18.zip\">ver<\/a><\/p>\n<\/td>\n<\/tr>\n<tr>\n<td align=\"center\" width=\"80%\">\n<div align=\"left\"><strong>Anexo 4<\/strong><\/div>\n<div align=\"left\">Ejecuci\u00f3n presupuestaria del trimestre. Cumplimiento de metas<\/div>\n<\/td>\n<td align=\"center\" width=\"5%\">\n<p align=\"center\"><a href=\"https:\/\/mza-dicaws-portal-uploads-media-prod.s3.us-east-1.amazonaws.com\/informacion-oficial\/uploads\/sites\/11\/2018\/11\/LRFA4_3_18.zip\">ver<\/a><\/p>\n<\/td>\n<\/tr>\n<tr>\n<td align=\"center\" width=\"80%\">\n<div align=\"left\"><strong>Anexo 5<\/strong><\/div>\n<div align=\"left\">Evoluci\u00f3n de la Deuda P\u00fablica Consolidada al final del trimestre<\/div>\n<\/td>\n<td align=\"center\" width=\"5%\"><a href=\"https:\/\/mza-dicaws-portal-uploads-media-prod.s3.us-east-1.amazonaws.com\/informacion-oficial\/uploads\/sites\/11\/2018\/11\/LRFA5_3_18.zip\">ver<\/a><\/p>\n<\/tr>\n<tr>\n<td align=\"center\" width=\"80%\">\n<div align=\"left\"><strong>Anexo 6<\/strong><\/div>\n<div align=\"left\">Evoluci\u00f3n de la deuda flotante acumulada al fin del trimestre<\/div>\n<\/td>\n<td align=\"center\" width=\"5%\">\n<p align=\"center\"><a href=\"https:\/\/mza-dicaws-portal-uploads-media-prod.s3.us-east-1.amazonaws.com\/informacion-oficial\/uploads\/sites\/11\/2018\/11\/LRFA6_3_18.zip\">ver<\/a><\/p>\n<\/td>\n<\/tr>\n<tr>\n<td align=\"center\" width=\"80%\">\n<div align=\"left\"><strong>Anexo 16<\/strong><\/div>\n<div align=\"left\">Condiciones de la Deuda P\u00fablica Consolidada al final del trimestre<\/div>\n<\/td>\n<td align=\"center\" width=\"5%\">\n<p align=\"center\"><a href=\"https:\/\/mza-dicaws-portal-uploads-media-prod.s3.us-east-1.amazonaws.com\/informacion-oficial\/uploads\/sites\/11\/2018\/11\/LRFA16_3_18.zip\">ver<\/a><\/p>\n<\/td>\n<\/tr>\n<tr>\n<td align=\"center\" width=\"80%\">\n<div align=\"left\"><strong>Anexo 19<\/strong><\/div>\n<div align=\"left\">Detalle de la planta de personal y contratos de locaci\u00f3n. Importes liquidados acumulados al fin de cada trimestre<\/div>\n<\/td>\n<td align=\"center\" width=\"5%\">\n<p align=\"center\"><a href=\"https:\/\/mza-dicaws-portal-uploads-media-prod.s3.us-east-1.amazonaws.com\/informacion-oficial\/uploads\/sites\/11\/2018\/12\/LRFA19_3_18-1.zip\">ver<\/a><\/p>\n<\/td>\n<\/tr>\n<tr>\n<td align=\"center\" width=\"80%\">\n<div align=\"left\"><strong>Anexo 20<\/strong><\/div>\n<div align=\"left\">Altas y Bajas de contratos de locaci\u00f3n de servicio<\/div>\n<\/td>\n<td align=\"center\" width=\"5%\">\n<p align=\"center\"><a href=\"https:\/\/mza-dicaws-portal-uploads-media-prod.s3.us-east-1.amazonaws.com\/informacion-oficial\/uploads\/sites\/11\/2018\/11\/LRFA20_3_18.zip\">ver<\/a><\/p>\n<\/td>\n<\/tr>\n<tr>\n<td align=\"center\" width=\"80%\">\n<div align=\"left\"><strong>Anexo 30<\/strong><\/div>\n<div align=\"left\">Ley de Responsabilidad Fiscal &#8211; Informes<\/div>\n<\/td>\n<td align=\"center\" width=\"5%\"><a href=\"https:\/\/mza-dicaws-portal-uploads-media-prod.s3.us-east-1.amazonaws.com\/informacion-oficial\/uploads\/sites\/11\/2018\/12\/Anexo30_3_18.zip\">ver<\/a><\/p>\n<\/tr>\n<tr>\n<td align=\"left\" width=\"80%\">Pagos de Intereses y Amortizaci\u00f3n de Deuda Consolidada \u00daltimos 24 meses<\/td>\n<td align=\"center\" width=\"5%\"><a href=\"https:\/\/mza-dicaws-portal-uploads-media-prod.s3.us-east-1.amazonaws.com\/informacion-oficial\/uploads\/sites\/11\/2018\/11\/PagosDeuda_3_18.pdf\">ver<\/a><\/p>\n<\/tr>\n<tr>\n<td align=\"left\" width=\"80%\">Flujo Futuro de Pagos de Intereses y Amortizaci\u00f3n de Deuda Consolidada de los pr\u00f3ximos 4 a\u00f1os<\/td>\n<td align=\"center\" width=\"5%\"><a href=\"https:\/\/mza-dicaws-portal-uploads-media-prod.s3.us-east-1.amazonaws.com\/informacion-oficial\/uploads\/sites\/11\/2018\/11\/FlujoFuturo_3_18.pdf\">ver<\/a><\/p>\n<\/tr>\n<tr>\n<td align=\"left\" width=\"80%\">Informe sobre el grado de integraci\u00f3n del Fondo Antic\u00edclico Provincial<\/td>\n<td align=\"center\" width=\"5%\"><a href=\"https:\/\/mza-dicaws-portal-uploads-media-prod.s3.us-east-1.amazonaws.com\/informacion-oficial\/uploads\/sites\/11\/2018\/11\/Fondo-Antic\u00edclico-Provincial_3_18.pdf\">ver<\/a><\/p>\n<\/tr>\n<tr>\n<td align=\"left\" width=\"80%\">Informe de Pol\u00edtica Fiscal<\/td>\n<td align=\"center\" width=\"5%\"><a href=\"https:\/\/mza-dicaws-portal-uploads-media-prod.s3.us-east-1.amazonaws.com\/informacion-oficial\/uploads\/sites\/11\/2018\/11\/Politica-Fiscal_3_18.pdf\">ver<\/a><\/p>\n<\/tr>\n<tr>\n<td align=\"left\" width=\"80%\">Anexo XII &#8211; Acuerdo 2988<\/td>\n<td align=\"center\" width=\"5%\"><a href=\"https:\/\/mza-dicaws-portal-uploads-media-prod.s3.us-east-1.amazonaws.com\/informacion-oficial\/uploads\/sites\/11\/2018\/11\/AnexoXII_Acuerdo_2988_3_18.pdf\">ver<\/a><\/p>\n<\/tbody>\n<\/table>\n<\/div>\n","protected":false},"excerpt":{"rendered":"<p>ACUERDO 3949 &#8211; TRIBUNAL DE CUENTAS &#8211; Informes Anexo 2 Ejecuci\u00f3n del Presupuesto con relaci\u00f3n a los cr\u00e9ditos acumulada al fin del trimestre ver Anexo 2 bis Presupuesto con relaci\u00f3n a los cr\u00e9ditos correspondientes al trimestre ver Anexo 3 De la ejecuci\u00f3n del presupuesto con relaci\u00f3n al c\u00e1lculo de recursos y financiamiento acumulado al fin [&hellip;]<\/p>\n","protected":false},"author":1,"featured_media":0,"comment_status":"open","ping_status":"open","sticky":false,"template":"","format":"standard","meta":{"_et_pb_use_builder":"","_et_pb_old_content":"","_et_gb_content_width":"","footnotes":""},"categories":[22],"tags":[],"class_list":["post-6760","post","type-post","status-publish","format-standard","hentry","category-responsabilidad_fiscal"],"_links":{"self":[{"href":"https:\/\/informacionoficial.mendoza.gob.ar\/haciendayfinanzas\/wp-json\/wp\/v2\/posts\/6760","targetHints":{"allow":["GET"]}}],"collection":[{"href":"https:\/\/informacionoficial.mendoza.gob.ar\/haciendayfinanzas\/wp-json\/wp\/v2\/posts"}],"about":[{"href":"https:\/\/informacionoficial.mendoza.gob.ar\/haciendayfinanzas\/wp-json\/wp\/v2\/types\/post"}],"author":[{"embeddable":true,"href":"https:\/\/informacionoficial.mendoza.gob.ar\/haciendayfinanzas\/wp-json\/wp\/v2\/users\/1"}],"replies":[{"embeddable":true,"href":"https:\/\/informacionoficial.mendoza.gob.ar\/haciendayfinanzas\/wp-json\/wp\/v2\/comments?post=6760"}],"version-history":[{"count":0,"href":"https:\/\/informacionoficial.mendoza.gob.ar\/haciendayfinanzas\/wp-json\/wp\/v2\/posts\/6760\/revisions"}],"wp:attachment":[{"href":"https:\/\/informacionoficial.mendoza.gob.ar\/haciendayfinanzas\/wp-json\/wp\/v2\/media?parent=6760"}],"wp:term":[{"taxonomy":"category","embeddable":true,"href":"https:\/\/informacionoficial.mendoza.gob.ar\/haciendayfinanzas\/wp-json\/wp\/v2\/categories?post=6760"},{"taxonomy":"post_tag","embeddable":true,"href":"https:\/\/informacionoficial.mendoza.gob.ar\/haciendayfinanzas\/wp-json\/wp\/v2\/tags?post=6760"}],"curies":[{"name":"wp","href":"https:\/\/api.w.org\/{rel}","templated":true}]}}